{"id":7182,"date":"2025-07-02T18:23:18","date_gmt":"2025-07-02T16:23:18","guid":{"rendered":"https:\/\/www.aikido-belgique.be\/?p=7182"},"modified":"2026-01-21T16:36:21","modified_gmt":"2026-01-21T15:36:21","slug":"fijne-vakantie","status":"publish","type":"post","link":"https:\/\/www.aikido-belgique.be\/nl\/fijne-vakantie\/","title":{"rendered":"Beste wensen !"},"content":{"rendered":"\n<p><\/p>\n\n\n\n<figure class=\"wp-block-image\"><img decoding=\"async\" src=\"https:\/\/aikido-belgique.be\/wp-content\/uploads\/2020\/03\/image.png\" alt=\"L\u2019attribut alt de cette image est vide, son nom de fichier est image.png.\"\/><\/figure>\n\n\n\n<h2 class=\"wp-block-heading\" id=\"jsc_c_4\"><a href=\"https:\/\/www.facebook.com\/unionbelgeaikido?__cft__[0]=AZWvaPuvStieZWYU8bGK0294yYACfse1PtaKMufFvb8EY25mKX3TmX7nouwXHAs0Mzt4AqGDJsPsEkIOhwbXVmvRvsX-Rqv_CG3Pq9s3m0k55nLW1LBtgcTfDgmCU94f8PRXziaT8yJUTlJI3wUe9ybHJAOkiBR9cv4Aquw1AhPslhRsu1TgWfH8jRZ2NwK1gnU&amp;__tn__=-UC%2CP-R\"><strong>Union Belge d&#8217;Aikido (U.Be.A)<\/strong><\/a><\/h2>\n\n\n\n<p>Beste vrienden,<\/p>\n\n\n\n<p>Aan het begin van 2026 wensen alle leden van de raad van bestuur, samen met mij, u een heel gelukkig nieuwjaar, een uitstekende gezondheid en vooral veel succes in uw beoefening.<\/p>\n\n\n\n<p>We hopen dat u het hele jaar door hebt kunnen oefenen, in een van onze dojo&#8217;s, tijdens de workshops en evenementen die we zelf of door andere federaties hebben georganiseerd. Er is geen twijfel dat de vooruitgang zichtbaar is, het resultaat van jullie inspanningen!<br><br>We kijken ernaar uit u terug te zien op de verschillende evenementen die we organiseren. Noteer in uw agenda de stage onder leiding van <strong>Brahim Si Guesmi<\/strong> in maart, die van <strong>H\u00e9l\u00e8ne Dou\u00e9<\/strong> in mei, en vooral het seminar onder leiding van <strong><mark style=\"background-color:rgba(0, 0, 0, 0)\" class=\"has-inline-color has-red-color\">Yoshinobu Irie Shihan<\/mark><\/strong>, die onze uitnodiging heeft aanvaard en van 1 tot 3 mei in Brussel zal zijn voor een driedaagse stage. Inschrijven kan online, net als voor het galadiner op zaterdagavond. Aarzel niet om mee te doen, we rekenen op uw massale deelname!<\/p>\n\n\n\n<p>Andere evenementen worden georganiseerd door andere Belgische federaties, bijvoorbeeld een stage onder leiding van Christian Tissier Shihan in Soumagne in februari, een andere onder leiding van Tsuruzo Miyamoto Shihan in Etterbeek in april&#8230;Wat uw keuze ook is, elke gelegenheid om te oefenen is altijd de moeite waard, en zeker buiten de gebruikelijke setting van je dojo. Het staat dan synoniem voor openheid, uitwisseling, en haalt ons uit onze comfortzone, met soms anders lesgeven (in schijn), andere partners,&#8230; Aarzel niet, waag de sprong, duw de deur open en ontdek, u komt er alleen maar verrijkt uit!<\/p>\n\n\n\n<p>Aarzel niet om u bij ons aan te sluiten of contact met ons op te nemen als u vragen hebt. Alle nieuwe leden zijn welkom en de meeste dojo&#8217;s bieden een of twee gratis proeflessen aan. Bent u nieuw met aikido, of hebt u nog nooit de kans gehad om het te beoefenen? Neem dan contact op met onze leraren, bezoek de dojo&#8217;s, probeer het eens&#8230; en u bent verkocht! Is dit een goed voornemen voor september?<\/p>\n\n\n\n<p>Tot binnenkort!<\/p>\n\n\n\n<p>Voor de raad van bestuur, Fran\u00e7ois<\/p>\n","protected":false},"excerpt":{"rendered":"<p>Union Belge d&#8217;Aikido (U.Be.A) Beste vrienden, Aan het begin van 2026 wensen alle leden van de raad van bestuur, samen met mij, u een heel gelukkig nieuwjaar, een uitstekende gezondheid en vooral veel succes in uw beoefening. We hopen dat u het hele jaar door hebt kunnen oefenen, in een van onze dojo&#8217;s, tijdens de [&hellip;]<\/p>\n","protected":false},"author":35,"featured_media":3347,"comment_status":"closed","ping_status":"closed","sticky":false,"template":"","format":"standard","meta":{"footnotes":""},"categories":[1],"tags":[],"class_list":["post-7182","post","type-post","status-publish","format-standard","has-post-thumbnail","hentry","category-non-categorise"],"yoast_head":"<!-- This site is optimized with the Yoast SEO plugin v26.7 - https:\/\/yoast.com\/wordpress\/plugins\/seo\/ -->\n<title>Beste wensen ! - U.Be.A. - Union Belge d&#039;A\u00efkido<\/title>\n<meta name=\"robots\" content=\"index, follow, max-snippet:-1, max-image-preview:large, max-video-preview:-1\" \/>\n<link rel=\"canonical\" href=\"https:\/\/www.aikido-belgique.be\/nl\/fijne-vakantie\/\" \/>\n<meta property=\"og:locale\" content=\"nl_NL\" \/>\n<meta property=\"og:type\" content=\"article\" \/>\n<meta property=\"og:title\" content=\"Beste wensen ! - U.Be.A. - Union Belge d&#039;A\u00efkido\" \/>\n<meta property=\"og:description\" content=\"Union Belge d&#8217;Aikido (U.Be.A) Beste vrienden, Aan het begin van 2026 wensen alle leden van de raad van bestuur, samen met mij, u een heel gelukkig nieuwjaar, een uitstekende gezondheid en vooral veel succes in uw beoefening. We hopen dat u het hele jaar door hebt kunnen oefenen, in een van onze dojo&#8217;s, tijdens de [&hellip;]\" \/>\n<meta property=\"og:url\" content=\"https:\/\/www.aikido-belgique.be\/nl\/fijne-vakantie\/\" \/>\n<meta property=\"og:site_name\" content=\"U.Be.A. - Union Belge d&#039;A\u00efkido\" \/>\n<meta property=\"article:published_time\" content=\"2025-07-02T16:23:18+00:00\" \/>\n<meta property=\"article:modified_time\" content=\"2026-01-21T15:36:21+00:00\" \/>\n<meta property=\"og:image\" content=\"https:\/\/www.aikido-belgique.be\/wp-content\/uploads\/2020\/03\/katana0.jpg\" \/>\n\t<meta property=\"og:image:width\" content=\"2356\" \/>\n\t<meta property=\"og:image:height\" content=\"1571\" \/>\n\t<meta property=\"og:image:type\" content=\"image\/jpeg\" \/>\n<meta name=\"author\" content=\"Fran\u00e7ois Biquet\" \/>\n<meta name=\"twitter:card\" content=\"summary_large_image\" \/>\n<meta name=\"twitter:label1\" content=\"Geschreven door\" \/>\n\t<meta name=\"twitter:data1\" content=\"Fran\u00e7ois Biquet\" \/>\n\t<meta name=\"twitter:label2\" content=\"Geschatte leestijd\" \/>\n\t<meta name=\"twitter:data2\" content=\"2 minuten\" \/>\n<script type=\"application\/ld+json\" class=\"yoast-schema-graph\">{\"@context\":\"https:\/\/schema.org\",\"@graph\":[{\"@type\":\"Article\",\"@id\":\"https:\/\/www.aikido-belgique.be\/nl\/fijne-vakantie\/#article\",\"isPartOf\":{\"@id\":\"https:\/\/www.aikido-belgique.be\/nl\/fijne-vakantie\/\"},\"author\":{\"name\":\"Fran\u00e7ois Biquet\",\"@id\":\"https:\/\/www.aikido-belgique.be\/#\/schema\/person\/a4702c6f0d33093804a09ecfe94c6f17\"},\"headline\":\"Beste wensen !\",\"datePublished\":\"2025-07-02T16:23:18+00:00\",\"dateModified\":\"2026-01-21T15:36:21+00:00\",\"mainEntityOfPage\":{\"@id\":\"https:\/\/www.aikido-belgique.be\/nl\/fijne-vakantie\/\"},\"wordCount\":356,\"image\":{\"@id\":\"https:\/\/www.aikido-belgique.be\/nl\/fijne-vakantie\/#primaryimage\"},\"thumbnailUrl\":\"https:\/\/www.aikido-belgique.be\/wp-content\/uploads\/2020\/03\/katana0.jpg\",\"articleSection\":[\"Non cat\u00e9goris\u00e9\"],\"inLanguage\":\"nl-NL\"},{\"@type\":\"WebPage\",\"@id\":\"https:\/\/www.aikido-belgique.be\/nl\/fijne-vakantie\/\",\"url\":\"https:\/\/www.aikido-belgique.be\/nl\/fijne-vakantie\/\",\"name\":\"Beste wensen ! - U.Be.A. - Union Belge d&#039;A\u00efkido\",\"isPartOf\":{\"@id\":\"https:\/\/www.aikido-belgique.be\/#website\"},\"primaryImageOfPage\":{\"@id\":\"https:\/\/www.aikido-belgique.be\/nl\/fijne-vakantie\/#primaryimage\"},\"image\":{\"@id\":\"https:\/\/www.aikido-belgique.be\/nl\/fijne-vakantie\/#primaryimage\"},\"thumbnailUrl\":\"https:\/\/www.aikido-belgique.be\/wp-content\/uploads\/2020\/03\/katana0.jpg\",\"datePublished\":\"2025-07-02T16:23:18+00:00\",\"dateModified\":\"2026-01-21T15:36:21+00:00\",\"author\":{\"@id\":\"https:\/\/www.aikido-belgique.be\/#\/schema\/person\/a4702c6f0d33093804a09ecfe94c6f17\"},\"breadcrumb\":{\"@id\":\"https:\/\/www.aikido-belgique.be\/nl\/fijne-vakantie\/#breadcrumb\"},\"inLanguage\":\"nl-NL\",\"potentialAction\":[{\"@type\":\"ReadAction\",\"target\":[\"https:\/\/www.aikido-belgique.be\/nl\/fijne-vakantie\/\"]}]},{\"@type\":\"ImageObject\",\"inLanguage\":\"nl-NL\",\"@id\":\"https:\/\/www.aikido-belgique.be\/nl\/fijne-vakantie\/#primaryimage\",\"url\":\"https:\/\/www.aikido-belgique.be\/wp-content\/uploads\/2020\/03\/katana0.jpg\",\"contentUrl\":\"https:\/\/www.aikido-belgique.be\/wp-content\/uploads\/2020\/03\/katana0.jpg\",\"width\":2356,\"height\":1571},{\"@type\":\"BreadcrumbList\",\"@id\":\"https:\/\/www.aikido-belgique.be\/nl\/fijne-vakantie\/#breadcrumb\",\"itemListElement\":[{\"@type\":\"ListItem\",\"position\":1,\"name\":\"Accueil\",\"item\":\"https:\/\/www.aikido-belgique.be\/nl\/\"},{\"@type\":\"ListItem\",\"position\":2,\"name\":\"Beste wensen !\"}]},{\"@type\":\"WebSite\",\"@id\":\"https:\/\/www.aikido-belgique.be\/#website\",\"url\":\"https:\/\/www.aikido-belgique.be\/\",\"name\":\"U.Be.A. - Union Belge d&#039;A\u00efkido\",\"description\":\"\",\"potentialAction\":[{\"@type\":\"SearchAction\",\"target\":{\"@type\":\"EntryPoint\",\"urlTemplate\":\"https:\/\/www.aikido-belgique.be\/?s={search_term_string}\"},\"query-input\":{\"@type\":\"PropertyValueSpecification\",\"valueRequired\":true,\"valueName\":\"search_term_string\"}}],\"inLanguage\":\"nl-NL\"},{\"@type\":\"Person\",\"@id\":\"https:\/\/www.aikido-belgique.be\/#\/schema\/person\/a4702c6f0d33093804a09ecfe94c6f17\",\"name\":\"Fran\u00e7ois Biquet\",\"url\":\"https:\/\/www.aikido-belgique.be\/nl\/author\/f-biquet\/\"}]}<\/script>\n<!-- \/ Yoast SEO plugin. -->","yoast_head_json":{"title":"Beste wensen ! - U.Be.A. - Union Belge d&#039;A\u00efkido","robots":{"index":"index","follow":"follow","max-snippet":"max-snippet:-1","max-image-preview":"max-image-preview:large","max-video-preview":"max-video-preview:-1"},"canonical":"https:\/\/www.aikido-belgique.be\/nl\/fijne-vakantie\/","og_locale":"nl_NL","og_type":"article","og_title":"Beste wensen ! - U.Be.A. - Union Belge d&#039;A\u00efkido","og_description":"Union Belge d&#8217;Aikido (U.Be.A) Beste vrienden, Aan het begin van 2026 wensen alle leden van de raad van bestuur, samen met mij, u een heel gelukkig nieuwjaar, een uitstekende gezondheid en vooral veel succes in uw beoefening. We hopen dat u het hele jaar door hebt kunnen oefenen, in een van onze dojo&#8217;s, tijdens de [&hellip;]","og_url":"https:\/\/www.aikido-belgique.be\/nl\/fijne-vakantie\/","og_site_name":"U.Be.A. - Union Belge d&#039;A\u00efkido","article_published_time":"2025-07-02T16:23:18+00:00","article_modified_time":"2026-01-21T15:36:21+00:00","og_image":[{"width":2356,"height":1571,"url":"https:\/\/www.aikido-belgique.be\/wp-content\/uploads\/2020\/03\/katana0.jpg","type":"image\/jpeg"}],"author":"Fran\u00e7ois Biquet","twitter_card":"summary_large_image","twitter_misc":{"Geschreven door":"Fran\u00e7ois Biquet","Geschatte leestijd":"2 minuten"},"schema":{"@context":"https:\/\/schema.org","@graph":[{"@type":"Article","@id":"https:\/\/www.aikido-belgique.be\/nl\/fijne-vakantie\/#article","isPartOf":{"@id":"https:\/\/www.aikido-belgique.be\/nl\/fijne-vakantie\/"},"author":{"name":"Fran\u00e7ois Biquet","@id":"https:\/\/www.aikido-belgique.be\/#\/schema\/person\/a4702c6f0d33093804a09ecfe94c6f17"},"headline":"Beste wensen !","datePublished":"2025-07-02T16:23:18+00:00","dateModified":"2026-01-21T15:36:21+00:00","mainEntityOfPage":{"@id":"https:\/\/www.aikido-belgique.be\/nl\/fijne-vakantie\/"},"wordCount":356,"image":{"@id":"https:\/\/www.aikido-belgique.be\/nl\/fijne-vakantie\/#primaryimage"},"thumbnailUrl":"https:\/\/www.aikido-belgique.be\/wp-content\/uploads\/2020\/03\/katana0.jpg","articleSection":["Non cat\u00e9goris\u00e9"],"inLanguage":"nl-NL"},{"@type":"WebPage","@id":"https:\/\/www.aikido-belgique.be\/nl\/fijne-vakantie\/","url":"https:\/\/www.aikido-belgique.be\/nl\/fijne-vakantie\/","name":"Beste wensen ! - U.Be.A. - Union Belge d&#039;A\u00efkido","isPartOf":{"@id":"https:\/\/www.aikido-belgique.be\/#website"},"primaryImageOfPage":{"@id":"https:\/\/www.aikido-belgique.be\/nl\/fijne-vakantie\/#primaryimage"},"image":{"@id":"https:\/\/www.aikido-belgique.be\/nl\/fijne-vakantie\/#primaryimage"},"thumbnailUrl":"https:\/\/www.aikido-belgique.be\/wp-content\/uploads\/2020\/03\/katana0.jpg","datePublished":"2025-07-02T16:23:18+00:00","dateModified":"2026-01-21T15:36:21+00:00","author":{"@id":"https:\/\/www.aikido-belgique.be\/#\/schema\/person\/a4702c6f0d33093804a09ecfe94c6f17"},"breadcrumb":{"@id":"https:\/\/www.aikido-belgique.be\/nl\/fijne-vakantie\/#breadcrumb"},"inLanguage":"nl-NL","potentialAction":[{"@type":"ReadAction","target":["https:\/\/www.aikido-belgique.be\/nl\/fijne-vakantie\/"]}]},{"@type":"ImageObject","inLanguage":"nl-NL","@id":"https:\/\/www.aikido-belgique.be\/nl\/fijne-vakantie\/#primaryimage","url":"https:\/\/www.aikido-belgique.be\/wp-content\/uploads\/2020\/03\/katana0.jpg","contentUrl":"https:\/\/www.aikido-belgique.be\/wp-content\/uploads\/2020\/03\/katana0.jpg","width":2356,"height":1571},{"@type":"BreadcrumbList","@id":"https:\/\/www.aikido-belgique.be\/nl\/fijne-vakantie\/#breadcrumb","itemListElement":[{"@type":"ListItem","position":1,"name":"Accueil","item":"https:\/\/www.aikido-belgique.be\/nl\/"},{"@type":"ListItem","position":2,"name":"Beste wensen !"}]},{"@type":"WebSite","@id":"https:\/\/www.aikido-belgique.be\/#website","url":"https:\/\/www.aikido-belgique.be\/","name":"U.Be.A. - Union Belge d&#039;A\u00efkido","description":"","potentialAction":[{"@type":"SearchAction","target":{"@type":"EntryPoint","urlTemplate":"https:\/\/www.aikido-belgique.be\/?s={search_term_string}"},"query-input":{"@type":"PropertyValueSpecification","valueRequired":true,"valueName":"search_term_string"}}],"inLanguage":"nl-NL"},{"@type":"Person","@id":"https:\/\/www.aikido-belgique.be\/#\/schema\/person\/a4702c6f0d33093804a09ecfe94c6f17","name":"Fran\u00e7ois Biquet","url":"https:\/\/www.aikido-belgique.be\/nl\/author\/f-biquet\/"}]}},"_links":{"self":[{"href":"https:\/\/www.aikido-belgique.be\/nl\/wp-json\/wp\/v2\/posts\/7182","targetHints":{"allow":["GET"]}}],"collection":[{"href":"https:\/\/www.aikido-belgique.be\/nl\/wp-json\/wp\/v2\/posts"}],"about":[{"href":"https:\/\/www.aikido-belgique.be\/nl\/wp-json\/wp\/v2\/types\/post"}],"author":[{"embeddable":true,"href":"https:\/\/www.aikido-belgique.be\/nl\/wp-json\/wp\/v2\/users\/35"}],"replies":[{"embeddable":true,"href":"https:\/\/www.aikido-belgique.be\/nl\/wp-json\/wp\/v2\/comments?post=7182"}],"version-history":[{"count":3,"href":"https:\/\/www.aikido-belgique.be\/nl\/wp-json\/wp\/v2\/posts\/7182\/revisions"}],"predecessor-version":[{"id":8262,"href":"https:\/\/www.aikido-belgique.be\/nl\/wp-json\/wp\/v2\/posts\/7182\/revisions\/8262"}],"wp:featuredmedia":[{"embeddable":true,"href":"https:\/\/www.aikido-belgique.be\/nl\/wp-json\/wp\/v2\/media\/3347"}],"wp:attachment":[{"href":"https:\/\/www.aikido-belgique.be\/nl\/wp-json\/wp\/v2\/media?parent=7182"}],"wp:term":[{"taxonomy":"category","embeddable":true,"href":"https:\/\/www.aikido-belgique.be\/nl\/wp-json\/wp\/v2\/categories?post=7182"},{"taxonomy":"post_tag","embeddable":true,"href":"https:\/\/www.aikido-belgique.be\/nl\/wp-json\/wp\/v2\/tags?post=7182"}],"curies":[{"name":"wp","href":"https:\/\/api.w.org\/{rel}","templated":true}]}}